{"id":1862,"date":"2025-02-24T16:41:50","date_gmt":"2025-02-24T16:41:50","guid":{"rendered":"https:\/\/hermandadmedinaceli.com\/?p=1862"},"modified":"2025-02-24T16:44:32","modified_gmt":"2025-02-24T16:44:32","slug":"horarios-de-secretaria-marzo-y-abril","status":"publish","type":"post","link":"https:\/\/hermandadmedinaceli.es\/index.php\/2025\/02\/24\/horarios-de-secretaria-marzo-y-abril\/","title":{"rendered":"Horarios de Secretar\u00eda (Marzo y Abril)"},"content":{"rendered":"\n<p>Queremos poner en conocimiento de los Hermanos que durante los d\u00edas 11, 13, 18, 20, 25, 27 y 31 de marzo y 1, 2, 3, 4, 5, 6, 7, 8, 9, 10 y 11 de abril en horario de 19:00 h. a 21:00 h. y el d\u00eda 5 de abril en horario de 11:00 h. a 12:30 h., permanecer\u00e1 abierta la secretar\u00eda de la Hermandad (C\/ Estrella) para la recogida de la Papeleta de Sitio, necesaria para realizar la Estaci\u00f3n de Penitencia del pr\u00f3ximo Mi\u00e9rcoles Santo. El precio de la papeleta de sitio se mantiene en 10\u20ac.<\/p>\n\n\n\n<figure class=\"wp-block-image size-large\"><img loading=\"lazy\" decoding=\"async\" width=\"1024\" height=\"724\" src=\"https:\/\/hermandadmedinaceli.es\/wp-content\/uploads\/2025\/02\/marzo-1024x724.png\" alt=\"\" class=\"wp-image-1865\" srcset=\"https:\/\/hermandadmedinaceli.es\/wp-content\/uploads\/2025\/02\/marzo-1024x724.png 1024w, https:\/\/hermandadmedinaceli.es\/wp-content\/uploads\/2025\/02\/marzo-300x212.png 300w, https:\/\/hermandadmedinaceli.es\/wp-content\/uploads\/2025\/02\/marzo-768x543.png 768w, https:\/\/hermandadmedinaceli.es\/wp-content\/uploads\/2025\/02\/marzo-1536x1086.png 1536w, https:\/\/hermandadmedinaceli.es\/wp-content\/uploads\/2025\/02\/marzo.png 2000w\" sizes=\"auto, (max-width: 1024px) 100vw, 1024px\" \/><\/figure>\n\n\n\n<figure class=\"wp-block-image size-large\"><img loading=\"lazy\" decoding=\"async\" width=\"1024\" height=\"724\" src=\"https:\/\/hermandadmedinaceli.es\/wp-content\/uploads\/2025\/02\/abril-1024x724.png\" alt=\"\" class=\"wp-image-1866\" srcset=\"https:\/\/hermandadmedinaceli.es\/wp-content\/uploads\/2025\/02\/abril-1024x724.png 1024w, https:\/\/hermandadmedinaceli.es\/wp-content\/uploads\/2025\/02\/abril-300x212.png 300w, https:\/\/hermandadmedinaceli.es\/wp-content\/uploads\/2025\/02\/abril-768x543.png 768w, https:\/\/hermandadmedinaceli.es\/wp-content\/uploads\/2025\/02\/abril-1536x1086.png 1536w, https:\/\/hermandadmedinaceli.es\/wp-content\/uploads\/2025\/02\/abril.png 2000w\" sizes=\"auto, (max-width: 1024px) 100vw, 1024px\" \/><\/figure>\n<!-- AddThis Advanced Settings generic via filter on the_content --><!-- AddThis Share Buttons generic via filter on the_content -->","protected":false},"excerpt":{"rendered":"<p>Queremos poner en conocimiento de los Hermanos que durante los d\u00edas 11, 13, 18, 20, 25, 27 y 31 de<!-- AddThis Advanced Settings generic via filter on get_the_excerpt --><!-- AddThis Share Buttons generic via filter on get_the_excerpt --><\/p>\n","protected":false},"author":2,"featured_media":1863,"comment_status":"closed","ping_status":"open","sticky":false,"template":"","format":"standard","meta":{"colormag_page_container_layout":"default_layout","colormag_page_sidebar_layout":"default_layout","_monsterinsights_skip_tracking":false,"_monsterinsights_sitenote_active":false,"_monsterinsights_sitenote_note":"","_monsterinsights_sitenote_category":0,"footnotes":""},"categories":[43],"tags":[44,59,54],"class_list":["post-1862","post","type-post","status-publish","format-standard","has-post-thumbnail","hentry","category-secretaria","tag-horarios-de-secretaria","tag-papeleta-de-sitio","tag-secretaria"],"yoast_head":"<!-- This site is optimized with the Yoast SEO plugin v27.5 - https:\/\/yoast.com\/product\/yoast-seo-wordpress\/ -->\n<title>Horarios de Secretar\u00eda (Marzo y Abril) - Hermandad Medinaceli - La L&iacute;nea de la Concepci&oacute;n<\/title>\n<meta name=\"robots\" content=\"index, follow, max-snippet:-1, max-image-preview:large, max-video-preview:-1\" \/>\n<link rel=\"canonical\" href=\"https:\/\/hermandadmedinaceli.es\/index.php\/2025\/02\/24\/horarios-de-secretaria-marzo-y-abril\/\" \/>\n<meta property=\"og:locale\" content=\"es_ES\" \/>\n<meta property=\"og:type\" content=\"article\" \/>\n<meta property=\"og:title\" content=\"Horarios de Secretar\u00eda (Marzo y Abril) - Hermandad Medinaceli - La L&iacute;nea de la Concepci&oacute;n\" \/>\n<meta property=\"og:description\" content=\"Queremos poner en conocimiento de los Hermanos que durante los d\u00edas 11, 13, 18, 20, 25, 27 y 31 de\" \/>\n<meta property=\"og:url\" content=\"https:\/\/hermandadmedinaceli.es\/index.php\/2025\/02\/24\/horarios-de-secretaria-marzo-y-abril\/\" \/>\n<meta property=\"og:site_name\" content=\"Hermandad Medinaceli - La L&iacute;nea de la Concepci&oacute;n\" \/>\n<meta property=\"article:published_time\" content=\"2025-02-24T16:41:50+00:00\" \/>\n<meta property=\"article:modified_time\" content=\"2025-02-24T16:44:32+00:00\" \/>\n<meta property=\"og:image\" content=\"https:\/\/hermandadmedinaceli.es\/wp-content\/uploads\/2025\/02\/Anadir-un-titulo-3.png\" \/>\n\t<meta property=\"og:image:width\" content=\"2000\" \/>\n\t<meta property=\"og:image:height\" content=\"1414\" \/>\n\t<meta property=\"og:image:type\" content=\"image\/png\" \/>\n<meta name=\"author\" content=\"Hermandad Medinaceli\" \/>\n<meta name=\"twitter:card\" content=\"summary_large_image\" \/>\n<meta name=\"twitter:label1\" content=\"Escrito por\" \/>\n\t<meta name=\"twitter:data1\" content=\"Hermandad Medinaceli\" \/>\n\t<meta name=\"twitter:label2\" content=\"Tiempo de lectura\" \/>\n\t<meta name=\"twitter:data2\" content=\"2 minutos\" \/>\n<script type=\"application\/ld+json\" class=\"yoast-schema-graph\">{\"@context\":\"https:\\\/\\\/schema.org\",\"@graph\":[{\"@type\":\"Article\",\"@id\":\"https:\\\/\\\/hermandadmedinaceli.es\\\/index.php\\\/2025\\\/02\\\/24\\\/horarios-de-secretaria-marzo-y-abril\\\/#article\",\"isPartOf\":{\"@id\":\"https:\\\/\\\/hermandadmedinaceli.es\\\/index.php\\\/2025\\\/02\\\/24\\\/horarios-de-secretaria-marzo-y-abril\\\/\"},\"author\":{\"name\":\"Hermandad Medinaceli\",\"@id\":\"https:\\\/\\\/hermandadmedinaceli.es\\\/#\\\/schema\\\/person\\\/141f8eda785fb324b0488ec53b956814\"},\"headline\":\"Horarios de Secretar\u00eda (Marzo y Abril)\",\"datePublished\":\"2025-02-24T16:41:50+00:00\",\"dateModified\":\"2025-02-24T16:44:32+00:00\",\"mainEntityOfPage\":{\"@id\":\"https:\\\/\\\/hermandadmedinaceli.es\\\/index.php\\\/2025\\\/02\\\/24\\\/horarios-de-secretaria-marzo-y-abril\\\/\"},\"wordCount\":86,\"image\":{\"@id\":\"https:\\\/\\\/hermandadmedinaceli.es\\\/index.php\\\/2025\\\/02\\\/24\\\/horarios-de-secretaria-marzo-y-abril\\\/#primaryimage\"},\"thumbnailUrl\":\"https:\\\/\\\/hermandadmedinaceli.es\\\/wp-content\\\/uploads\\\/2025\\\/02\\\/Anadir-un-titulo-3.png\",\"keywords\":[\"Horarios de Secretar\u00eda\",\"Papeleta de Sitio\",\"Secretar\u00eda\"],\"articleSection\":[\"Secretar\u00eda\"],\"inLanguage\":\"es\"},{\"@type\":\"WebPage\",\"@id\":\"https:\\\/\\\/hermandadmedinaceli.es\\\/index.php\\\/2025\\\/02\\\/24\\\/horarios-de-secretaria-marzo-y-abril\\\/\",\"url\":\"https:\\\/\\\/hermandadmedinaceli.es\\\/index.php\\\/2025\\\/02\\\/24\\\/horarios-de-secretaria-marzo-y-abril\\\/\",\"name\":\"Horarios de Secretar\u00eda (Marzo y Abril) - Hermandad Medinaceli - La L&iacute;nea de la Concepci&oacute;n\",\"isPartOf\":{\"@id\":\"https:\\\/\\\/hermandadmedinaceli.es\\\/#website\"},\"primaryImageOfPage\":{\"@id\":\"https:\\\/\\\/hermandadmedinaceli.es\\\/index.php\\\/2025\\\/02\\\/24\\\/horarios-de-secretaria-marzo-y-abril\\\/#primaryimage\"},\"image\":{\"@id\":\"https:\\\/\\\/hermandadmedinaceli.es\\\/index.php\\\/2025\\\/02\\\/24\\\/horarios-de-secretaria-marzo-y-abril\\\/#primaryimage\"},\"thumbnailUrl\":\"https:\\\/\\\/hermandadmedinaceli.es\\\/wp-content\\\/uploads\\\/2025\\\/02\\\/Anadir-un-titulo-3.png\",\"datePublished\":\"2025-02-24T16:41:50+00:00\",\"dateModified\":\"2025-02-24T16:44:32+00:00\",\"author\":{\"@id\":\"https:\\\/\\\/hermandadmedinaceli.es\\\/#\\\/schema\\\/person\\\/141f8eda785fb324b0488ec53b956814\"},\"breadcrumb\":{\"@id\":\"https:\\\/\\\/hermandadmedinaceli.es\\\/index.php\\\/2025\\\/02\\\/24\\\/horarios-de-secretaria-marzo-y-abril\\\/#breadcrumb\"},\"inLanguage\":\"es\",\"potentialAction\":[{\"@type\":\"ReadAction\",\"target\":[\"https:\\\/\\\/hermandadmedinaceli.es\\\/index.php\\\/2025\\\/02\\\/24\\\/horarios-de-secretaria-marzo-y-abril\\\/\"]}]},{\"@type\":\"ImageObject\",\"inLanguage\":\"es\",\"@id\":\"https:\\\/\\\/hermandadmedinaceli.es\\\/index.php\\\/2025\\\/02\\\/24\\\/horarios-de-secretaria-marzo-y-abril\\\/#primaryimage\",\"url\":\"https:\\\/\\\/hermandadmedinaceli.es\\\/wp-content\\\/uploads\\\/2025\\\/02\\\/Anadir-un-titulo-3.png\",\"contentUrl\":\"https:\\\/\\\/hermandadmedinaceli.es\\\/wp-content\\\/uploads\\\/2025\\\/02\\\/Anadir-un-titulo-3.png\",\"width\":2000,\"height\":1414},{\"@type\":\"BreadcrumbList\",\"@id\":\"https:\\\/\\\/hermandadmedinaceli.es\\\/index.php\\\/2025\\\/02\\\/24\\\/horarios-de-secretaria-marzo-y-abril\\\/#breadcrumb\",\"itemListElement\":[{\"@type\":\"ListItem\",\"position\":1,\"name\":\"Portada\",\"item\":\"https:\\\/\\\/hermandadmedinaceli.es\\\/\"},{\"@type\":\"ListItem\",\"position\":2,\"name\":\"Horarios de Secretar\u00eda (Marzo y Abril)\"}]},{\"@type\":\"WebSite\",\"@id\":\"https:\\\/\\\/hermandadmedinaceli.es\\\/#website\",\"url\":\"https:\\\/\\\/hermandadmedinaceli.es\\\/\",\"name\":\"Hermandad Medinaceli - La L&iacute;nea de la Concepci&oacute;n\",\"description\":\"\",\"potentialAction\":[{\"@type\":\"SearchAction\",\"target\":{\"@type\":\"EntryPoint\",\"urlTemplate\":\"https:\\\/\\\/hermandadmedinaceli.es\\\/?s={search_term_string}\"},\"query-input\":{\"@type\":\"PropertyValueSpecification\",\"valueRequired\":true,\"valueName\":\"search_term_string\"}}],\"inLanguage\":\"es\"},{\"@type\":\"Person\",\"@id\":\"https:\\\/\\\/hermandadmedinaceli.es\\\/#\\\/schema\\\/person\\\/141f8eda785fb324b0488ec53b956814\",\"name\":\"Hermandad Medinaceli\",\"image\":{\"@type\":\"ImageObject\",\"inLanguage\":\"es\",\"@id\":\"https:\\\/\\\/secure.gravatar.com\\\/avatar\\\/4edb6c3ce8507565edfc64f7ab3947a657f7f4b3a286241867ba2ab59d1bd976?s=96&d=mm&r=g\",\"url\":\"https:\\\/\\\/secure.gravatar.com\\\/avatar\\\/4edb6c3ce8507565edfc64f7ab3947a657f7f4b3a286241867ba2ab59d1bd976?s=96&d=mm&r=g\",\"contentUrl\":\"https:\\\/\\\/secure.gravatar.com\\\/avatar\\\/4edb6c3ce8507565edfc64f7ab3947a657f7f4b3a286241867ba2ab59d1bd976?s=96&d=mm&r=g\",\"caption\":\"Hermandad Medinaceli\"},\"url\":\"https:\\\/\\\/hermandadmedinaceli.es\\\/index.php\\\/author\\\/norberto\\\/\"}]}<\/script>\n<!-- \/ Yoast SEO plugin. -->","yoast_head_json":{"title":"Horarios de Secretar\u00eda (Marzo y Abril) - Hermandad Medinaceli - La L&iacute;nea de la Concepci&oacute;n","robots":{"index":"index","follow":"follow","max-snippet":"max-snippet:-1","max-image-preview":"max-image-preview:large","max-video-preview":"max-video-preview:-1"},"canonical":"https:\/\/hermandadmedinaceli.es\/index.php\/2025\/02\/24\/horarios-de-secretaria-marzo-y-abril\/","og_locale":"es_ES","og_type":"article","og_title":"Horarios de Secretar\u00eda (Marzo y Abril) - Hermandad Medinaceli - La L&iacute;nea de la Concepci&oacute;n","og_description":"Queremos poner en conocimiento de los Hermanos que durante los d\u00edas 11, 13, 18, 20, 25, 27 y 31 de","og_url":"https:\/\/hermandadmedinaceli.es\/index.php\/2025\/02\/24\/horarios-de-secretaria-marzo-y-abril\/","og_site_name":"Hermandad Medinaceli - La L&iacute;nea de la Concepci&oacute;n","article_published_time":"2025-02-24T16:41:50+00:00","article_modified_time":"2025-02-24T16:44:32+00:00","og_image":[{"width":2000,"height":1414,"url":"https:\/\/hermandadmedinaceli.es\/wp-content\/uploads\/2025\/02\/Anadir-un-titulo-3.png","type":"image\/png"}],"author":"Hermandad Medinaceli","twitter_card":"summary_large_image","twitter_misc":{"Escrito por":"Hermandad Medinaceli","Tiempo de lectura":"2 minutos"},"schema":{"@context":"https:\/\/schema.org","@graph":[{"@type":"Article","@id":"https:\/\/hermandadmedinaceli.es\/index.php\/2025\/02\/24\/horarios-de-secretaria-marzo-y-abril\/#article","isPartOf":{"@id":"https:\/\/hermandadmedinaceli.es\/index.php\/2025\/02\/24\/horarios-de-secretaria-marzo-y-abril\/"},"author":{"name":"Hermandad Medinaceli","@id":"https:\/\/hermandadmedinaceli.es\/#\/schema\/person\/141f8eda785fb324b0488ec53b956814"},"headline":"Horarios de Secretar\u00eda (Marzo y Abril)","datePublished":"2025-02-24T16:41:50+00:00","dateModified":"2025-02-24T16:44:32+00:00","mainEntityOfPage":{"@id":"https:\/\/hermandadmedinaceli.es\/index.php\/2025\/02\/24\/horarios-de-secretaria-marzo-y-abril\/"},"wordCount":86,"image":{"@id":"https:\/\/hermandadmedinaceli.es\/index.php\/2025\/02\/24\/horarios-de-secretaria-marzo-y-abril\/#primaryimage"},"thumbnailUrl":"https:\/\/hermandadmedinaceli.es\/wp-content\/uploads\/2025\/02\/Anadir-un-titulo-3.png","keywords":["Horarios de Secretar\u00eda","Papeleta de Sitio","Secretar\u00eda"],"articleSection":["Secretar\u00eda"],"inLanguage":"es"},{"@type":"WebPage","@id":"https:\/\/hermandadmedinaceli.es\/index.php\/2025\/02\/24\/horarios-de-secretaria-marzo-y-abril\/","url":"https:\/\/hermandadmedinaceli.es\/index.php\/2025\/02\/24\/horarios-de-secretaria-marzo-y-abril\/","name":"Horarios de Secretar\u00eda (Marzo y Abril) - Hermandad Medinaceli - La L&iacute;nea de la Concepci&oacute;n","isPartOf":{"@id":"https:\/\/hermandadmedinaceli.es\/#website"},"primaryImageOfPage":{"@id":"https:\/\/hermandadmedinaceli.es\/index.php\/2025\/02\/24\/horarios-de-secretaria-marzo-y-abril\/#primaryimage"},"image":{"@id":"https:\/\/hermandadmedinaceli.es\/index.php\/2025\/02\/24\/horarios-de-secretaria-marzo-y-abril\/#primaryimage"},"thumbnailUrl":"https:\/\/hermandadmedinaceli.es\/wp-content\/uploads\/2025\/02\/Anadir-un-titulo-3.png","datePublished":"2025-02-24T16:41:50+00:00","dateModified":"2025-02-24T16:44:32+00:00","author":{"@id":"https:\/\/hermandadmedinaceli.es\/#\/schema\/person\/141f8eda785fb324b0488ec53b956814"},"breadcrumb":{"@id":"https:\/\/hermandadmedinaceli.es\/index.php\/2025\/02\/24\/horarios-de-secretaria-marzo-y-abril\/#breadcrumb"},"inLanguage":"es","potentialAction":[{"@type":"ReadAction","target":["https:\/\/hermandadmedinaceli.es\/index.php\/2025\/02\/24\/horarios-de-secretaria-marzo-y-abril\/"]}]},{"@type":"ImageObject","inLanguage":"es","@id":"https:\/\/hermandadmedinaceli.es\/index.php\/2025\/02\/24\/horarios-de-secretaria-marzo-y-abril\/#primaryimage","url":"https:\/\/hermandadmedinaceli.es\/wp-content\/uploads\/2025\/02\/Anadir-un-titulo-3.png","contentUrl":"https:\/\/hermandadmedinaceli.es\/wp-content\/uploads\/2025\/02\/Anadir-un-titulo-3.png","width":2000,"height":1414},{"@type":"BreadcrumbList","@id":"https:\/\/hermandadmedinaceli.es\/index.php\/2025\/02\/24\/horarios-de-secretaria-marzo-y-abril\/#breadcrumb","itemListElement":[{"@type":"ListItem","position":1,"name":"Portada","item":"https:\/\/hermandadmedinaceli.es\/"},{"@type":"ListItem","position":2,"name":"Horarios de Secretar\u00eda (Marzo y Abril)"}]},{"@type":"WebSite","@id":"https:\/\/hermandadmedinaceli.es\/#website","url":"https:\/\/hermandadmedinaceli.es\/","name":"Hermandad Medinaceli - La L&iacute;nea de la Concepci&oacute;n","description":"","potentialAction":[{"@type":"SearchAction","target":{"@type":"EntryPoint","urlTemplate":"https:\/\/hermandadmedinaceli.es\/?s={search_term_string}"},"query-input":{"@type":"PropertyValueSpecification","valueRequired":true,"valueName":"search_term_string"}}],"inLanguage":"es"},{"@type":"Person","@id":"https:\/\/hermandadmedinaceli.es\/#\/schema\/person\/141f8eda785fb324b0488ec53b956814","name":"Hermandad Medinaceli","image":{"@type":"ImageObject","inLanguage":"es","@id":"https:\/\/secure.gravatar.com\/avatar\/4edb6c3ce8507565edfc64f7ab3947a657f7f4b3a286241867ba2ab59d1bd976?s=96&d=mm&r=g","url":"https:\/\/secure.gravatar.com\/avatar\/4edb6c3ce8507565edfc64f7ab3947a657f7f4b3a286241867ba2ab59d1bd976?s=96&d=mm&r=g","contentUrl":"https:\/\/secure.gravatar.com\/avatar\/4edb6c3ce8507565edfc64f7ab3947a657f7f4b3a286241867ba2ab59d1bd976?s=96&d=mm&r=g","caption":"Hermandad Medinaceli"},"url":"https:\/\/hermandadmedinaceli.es\/index.php\/author\/norberto\/"}]}},"_links":{"self":[{"href":"https:\/\/hermandadmedinaceli.es\/index.php\/wp-json\/wp\/v2\/posts\/1862","targetHints":{"allow":["GET"]}}],"collection":[{"href":"https:\/\/hermandadmedinaceli.es\/index.php\/wp-json\/wp\/v2\/posts"}],"about":[{"href":"https:\/\/hermandadmedinaceli.es\/index.php\/wp-json\/wp\/v2\/types\/post"}],"author":[{"embeddable":true,"href":"https:\/\/hermandadmedinaceli.es\/index.php\/wp-json\/wp\/v2\/users\/2"}],"replies":[{"embeddable":true,"href":"https:\/\/hermandadmedinaceli.es\/index.php\/wp-json\/wp\/v2\/comments?post=1862"}],"version-history":[{"count":1,"href":"https:\/\/hermandadmedinaceli.es\/index.php\/wp-json\/wp\/v2\/posts\/1862\/revisions"}],"predecessor-version":[{"id":1867,"href":"https:\/\/hermandadmedinaceli.es\/index.php\/wp-json\/wp\/v2\/posts\/1862\/revisions\/1867"}],"wp:featuredmedia":[{"embeddable":true,"href":"https:\/\/hermandadmedinaceli.es\/index.php\/wp-json\/wp\/v2\/media\/1863"}],"wp:attachment":[{"href":"https:\/\/hermandadmedinaceli.es\/index.php\/wp-json\/wp\/v2\/media?parent=1862"}],"wp:term":[{"taxonomy":"category","embeddable":true,"href":"https:\/\/hermandadmedinaceli.es\/index.php\/wp-json\/wp\/v2\/categories?post=1862"},{"taxonomy":"post_tag","embeddable":true,"href":"https:\/\/hermandadmedinaceli.es\/index.php\/wp-json\/wp\/v2\/tags?post=1862"}],"curies":[{"name":"wp","href":"https:\/\/api.w.org\/{rel}","templated":true}]}}