{"id":2133,"date":"2025-04-13T13:52:00","date_gmt":"2025-04-13T13:52:00","guid":{"rendered":"https:\/\/hermandadmedinaceli.com\/?p=2133"},"modified":"2025-04-14T13:59:37","modified_gmt":"2025-04-14T13:59:37","slug":"recogida-de-flores-para-los-pasos-de-los-sagrados-titulares","status":"publish","type":"post","link":"https:\/\/hermandadmedinaceli.es\/index.php\/2025\/04\/13\/recogida-de-flores-para-los-pasos-de-los-sagrados-titulares\/","title":{"rendered":"Recogida de Flores para los pasos de los Sagrados Titulares"},"content":{"rendered":"\n<p>Les informarmos que la recogida de flores para ornamentar nuestros pasos tendr\u00e1 lugar en la Parroquia de Santiago Ap\u00f3stol en los siguientes d\u00edas y horarios:<\/p>\n\n\n\n<p>\u2022LUNES SANTO, 14 DE ABRIL:<\/p>\n\n\n\n<p>-Por la ma\u00f1ana de 11:00 horas a 14:00 horas. <\/p>\n\n\n\n<p>-Por la tarde de 17:00 horas a 20:30 horas.<\/p>\n\n\n\n<p>\u2022MARTES SANTO, 15 DE ABRIL:<\/p>\n\n\n\n<p>-Por la ma\u00f1ana de 11:00 horas a 14:00 horas. <\/p>\n\n\n\n<p>-Por la tarde de 17:00 horas a 21:00 horas. (Por la tarde se recoger\u00e1n las flores por la puerta de cristales de la parroquia, no pudi\u00e9ndose acceder al interior con motivo de la salida procesional de la Hermandad de Dolores)<\/p>\n\n\n\n<p>Necesitamos: Claveles Rojos para el paso del Se\u00f1or y Claveles Blancos para el paso de la Sant\u00edsima Virgen.<\/p>\n<!-- AddThis Advanced Settings generic via filter on the_content --><!-- AddThis Share Buttons generic via filter on the_content -->","protected":false},"excerpt":{"rendered":"<p>Les informarmos que la recogida de flores para ornamentar nuestros pasos tendr\u00e1 lugar en la Parroquia de Santiago Ap\u00f3stol en<!-- AddThis Advanced Settings generic via filter on get_the_excerpt --><!-- AddThis Share Buttons generic via filter on get_the_excerpt --><\/p>\n","protected":false},"author":2,"featured_media":2134,"comment_status":"closed","ping_status":"open","sticky":false,"template":"","format":"standard","meta":{"colormag_page_container_layout":"default_layout","colormag_page_sidebar_layout":"default_layout","_monsterinsights_skip_tracking":false,"_monsterinsights_sitenote_active":false,"_monsterinsights_sitenote_note":"","_monsterinsights_sitenote_category":0,"footnotes":""},"categories":[27],"tags":[72],"class_list":["post-2133","post","type-post","status-publish","format-standard","has-post-thumbnail","hentry","category-noticias","tag-recogida-de-flores"],"yoast_head":"<!-- This site is optimized with the Yoast SEO plugin v27.5 - https:\/\/yoast.com\/product\/yoast-seo-wordpress\/ -->\n<title>Recogida de Flores para los pasos de los Sagrados Titulares - Hermandad Medinaceli - La L&iacute;nea de la Concepci&oacute;n<\/title>\n<meta name=\"robots\" content=\"index, follow, max-snippet:-1, max-image-preview:large, max-video-preview:-1\" \/>\n<link rel=\"canonical\" href=\"https:\/\/hermandadmedinaceli.es\/index.php\/2025\/04\/13\/recogida-de-flores-para-los-pasos-de-los-sagrados-titulares\/\" \/>\n<meta property=\"og:locale\" content=\"es_ES\" \/>\n<meta property=\"og:type\" content=\"article\" \/>\n<meta property=\"og:title\" content=\"Recogida de Flores para los pasos de los Sagrados Titulares - Hermandad Medinaceli - La L&iacute;nea de la Concepci&oacute;n\" \/>\n<meta property=\"og:description\" content=\"Les informarmos que la recogida de flores para ornamentar nuestros pasos tendr\u00e1 lugar en la Parroquia de Santiago Ap\u00f3stol en\" \/>\n<meta property=\"og:url\" content=\"https:\/\/hermandadmedinaceli.es\/index.php\/2025\/04\/13\/recogida-de-flores-para-los-pasos-de-los-sagrados-titulares\/\" \/>\n<meta property=\"og:site_name\" content=\"Hermandad Medinaceli - La L&iacute;nea de la Concepci&oacute;n\" \/>\n<meta property=\"article:published_time\" content=\"2025-04-13T13:52:00+00:00\" \/>\n<meta property=\"article:modified_time\" content=\"2025-04-14T13:59:37+00:00\" \/>\n<meta property=\"og:image\" content=\"https:\/\/hermandadmedinaceli.es\/wp-content\/uploads\/2025\/04\/FB_IMG_1744638992069.jpg\" \/>\n\t<meta property=\"og:image:width\" content=\"585\" \/>\n\t<meta property=\"og:image:height\" content=\"640\" \/>\n\t<meta property=\"og:image:type\" content=\"image\/jpeg\" \/>\n<meta name=\"author\" content=\"Hermandad Medinaceli\" \/>\n<meta name=\"twitter:card\" content=\"summary_large_image\" \/>\n<meta name=\"twitter:label1\" content=\"Escrito por\" \/>\n\t<meta name=\"twitter:data1\" content=\"Hermandad Medinaceli\" \/>\n\t<meta name=\"twitter:label2\" content=\"Tiempo de lectura\" \/>\n\t<meta name=\"twitter:data2\" content=\"1 minuto\" \/>\n<script type=\"application\/ld+json\" class=\"yoast-schema-graph\">{\"@context\":\"https:\\\/\\\/schema.org\",\"@graph\":[{\"@type\":\"Article\",\"@id\":\"https:\\\/\\\/hermandadmedinaceli.es\\\/index.php\\\/2025\\\/04\\\/13\\\/recogida-de-flores-para-los-pasos-de-los-sagrados-titulares\\\/#article\",\"isPartOf\":{\"@id\":\"https:\\\/\\\/hermandadmedinaceli.es\\\/index.php\\\/2025\\\/04\\\/13\\\/recogida-de-flores-para-los-pasos-de-los-sagrados-titulares\\\/\"},\"author\":{\"name\":\"Hermandad Medinaceli\",\"@id\":\"https:\\\/\\\/hermandadmedinaceli.es\\\/#\\\/schema\\\/person\\\/141f8eda785fb324b0488ec53b956814\"},\"headline\":\"Recogida de Flores para los pasos de los Sagrados Titulares\",\"datePublished\":\"2025-04-13T13:52:00+00:00\",\"dateModified\":\"2025-04-14T13:59:37+00:00\",\"mainEntityOfPage\":{\"@id\":\"https:\\\/\\\/hermandadmedinaceli.es\\\/index.php\\\/2025\\\/04\\\/13\\\/recogida-de-flores-para-los-pasos-de-los-sagrados-titulares\\\/\"},\"wordCount\":128,\"image\":{\"@id\":\"https:\\\/\\\/hermandadmedinaceli.es\\\/index.php\\\/2025\\\/04\\\/13\\\/recogida-de-flores-para-los-pasos-de-los-sagrados-titulares\\\/#primaryimage\"},\"thumbnailUrl\":\"https:\\\/\\\/hermandadmedinaceli.es\\\/wp-content\\\/uploads\\\/2025\\\/04\\\/FB_IMG_1744638992069.jpg\",\"keywords\":[\"Recogida de Flores\"],\"articleSection\":[\"Noticias\"],\"inLanguage\":\"es\"},{\"@type\":\"WebPage\",\"@id\":\"https:\\\/\\\/hermandadmedinaceli.es\\\/index.php\\\/2025\\\/04\\\/13\\\/recogida-de-flores-para-los-pasos-de-los-sagrados-titulares\\\/\",\"url\":\"https:\\\/\\\/hermandadmedinaceli.es\\\/index.php\\\/2025\\\/04\\\/13\\\/recogida-de-flores-para-los-pasos-de-los-sagrados-titulares\\\/\",\"name\":\"Recogida de Flores para los pasos de los Sagrados Titulares - Hermandad Medinaceli - La L&iacute;nea de la Concepci&oacute;n\",\"isPartOf\":{\"@id\":\"https:\\\/\\\/hermandadmedinaceli.es\\\/#website\"},\"primaryImageOfPage\":{\"@id\":\"https:\\\/\\\/hermandadmedinaceli.es\\\/index.php\\\/2025\\\/04\\\/13\\\/recogida-de-flores-para-los-pasos-de-los-sagrados-titulares\\\/#primaryimage\"},\"image\":{\"@id\":\"https:\\\/\\\/hermandadmedinaceli.es\\\/index.php\\\/2025\\\/04\\\/13\\\/recogida-de-flores-para-los-pasos-de-los-sagrados-titulares\\\/#primaryimage\"},\"thumbnailUrl\":\"https:\\\/\\\/hermandadmedinaceli.es\\\/wp-content\\\/uploads\\\/2025\\\/04\\\/FB_IMG_1744638992069.jpg\",\"datePublished\":\"2025-04-13T13:52:00+00:00\",\"dateModified\":\"2025-04-14T13:59:37+00:00\",\"author\":{\"@id\":\"https:\\\/\\\/hermandadmedinaceli.es\\\/#\\\/schema\\\/person\\\/141f8eda785fb324b0488ec53b956814\"},\"breadcrumb\":{\"@id\":\"https:\\\/\\\/hermandadmedinaceli.es\\\/index.php\\\/2025\\\/04\\\/13\\\/recogida-de-flores-para-los-pasos-de-los-sagrados-titulares\\\/#breadcrumb\"},\"inLanguage\":\"es\",\"potentialAction\":[{\"@type\":\"ReadAction\",\"target\":[\"https:\\\/\\\/hermandadmedinaceli.es\\\/index.php\\\/2025\\\/04\\\/13\\\/recogida-de-flores-para-los-pasos-de-los-sagrados-titulares\\\/\"]}]},{\"@type\":\"ImageObject\",\"inLanguage\":\"es\",\"@id\":\"https:\\\/\\\/hermandadmedinaceli.es\\\/index.php\\\/2025\\\/04\\\/13\\\/recogida-de-flores-para-los-pasos-de-los-sagrados-titulares\\\/#primaryimage\",\"url\":\"https:\\\/\\\/hermandadmedinaceli.es\\\/wp-content\\\/uploads\\\/2025\\\/04\\\/FB_IMG_1744638992069.jpg\",\"contentUrl\":\"https:\\\/\\\/hermandadmedinaceli.es\\\/wp-content\\\/uploads\\\/2025\\\/04\\\/FB_IMG_1744638992069.jpg\",\"width\":585,\"height\":640},{\"@type\":\"BreadcrumbList\",\"@id\":\"https:\\\/\\\/hermandadmedinaceli.es\\\/index.php\\\/2025\\\/04\\\/13\\\/recogida-de-flores-para-los-pasos-de-los-sagrados-titulares\\\/#breadcrumb\",\"itemListElement\":[{\"@type\":\"ListItem\",\"position\":1,\"name\":\"Portada\",\"item\":\"https:\\\/\\\/hermandadmedinaceli.es\\\/\"},{\"@type\":\"ListItem\",\"position\":2,\"name\":\"Recogida de Flores para los pasos de los Sagrados Titulares\"}]},{\"@type\":\"WebSite\",\"@id\":\"https:\\\/\\\/hermandadmedinaceli.es\\\/#website\",\"url\":\"https:\\\/\\\/hermandadmedinaceli.es\\\/\",\"name\":\"Hermandad Medinaceli - La L&iacute;nea de la Concepci&oacute;n\",\"description\":\"\",\"potentialAction\":[{\"@type\":\"SearchAction\",\"target\":{\"@type\":\"EntryPoint\",\"urlTemplate\":\"https:\\\/\\\/hermandadmedinaceli.es\\\/?s={search_term_string}\"},\"query-input\":{\"@type\":\"PropertyValueSpecification\",\"valueRequired\":true,\"valueName\":\"search_term_string\"}}],\"inLanguage\":\"es\"},{\"@type\":\"Person\",\"@id\":\"https:\\\/\\\/hermandadmedinaceli.es\\\/#\\\/schema\\\/person\\\/141f8eda785fb324b0488ec53b956814\",\"name\":\"Hermandad Medinaceli\",\"image\":{\"@type\":\"ImageObject\",\"inLanguage\":\"es\",\"@id\":\"https:\\\/\\\/secure.gravatar.com\\\/avatar\\\/4edb6c3ce8507565edfc64f7ab3947a657f7f4b3a286241867ba2ab59d1bd976?s=96&d=mm&r=g\",\"url\":\"https:\\\/\\\/secure.gravatar.com\\\/avatar\\\/4edb6c3ce8507565edfc64f7ab3947a657f7f4b3a286241867ba2ab59d1bd976?s=96&d=mm&r=g\",\"contentUrl\":\"https:\\\/\\\/secure.gravatar.com\\\/avatar\\\/4edb6c3ce8507565edfc64f7ab3947a657f7f4b3a286241867ba2ab59d1bd976?s=96&d=mm&r=g\",\"caption\":\"Hermandad Medinaceli\"},\"url\":\"https:\\\/\\\/hermandadmedinaceli.es\\\/index.php\\\/author\\\/norberto\\\/\"}]}<\/script>\n<!-- \/ Yoast SEO plugin. -->","yoast_head_json":{"title":"Recogida de Flores para los pasos de los Sagrados Titulares - Hermandad Medinaceli - La L&iacute;nea de la Concepci&oacute;n","robots":{"index":"index","follow":"follow","max-snippet":"max-snippet:-1","max-image-preview":"max-image-preview:large","max-video-preview":"max-video-preview:-1"},"canonical":"https:\/\/hermandadmedinaceli.es\/index.php\/2025\/04\/13\/recogida-de-flores-para-los-pasos-de-los-sagrados-titulares\/","og_locale":"es_ES","og_type":"article","og_title":"Recogida de Flores para los pasos de los Sagrados Titulares - Hermandad Medinaceli - La L&iacute;nea de la Concepci&oacute;n","og_description":"Les informarmos que la recogida de flores para ornamentar nuestros pasos tendr\u00e1 lugar en la Parroquia de Santiago Ap\u00f3stol en","og_url":"https:\/\/hermandadmedinaceli.es\/index.php\/2025\/04\/13\/recogida-de-flores-para-los-pasos-de-los-sagrados-titulares\/","og_site_name":"Hermandad Medinaceli - La L&iacute;nea de la Concepci&oacute;n","article_published_time":"2025-04-13T13:52:00+00:00","article_modified_time":"2025-04-14T13:59:37+00:00","og_image":[{"width":585,"height":640,"url":"https:\/\/hermandadmedinaceli.es\/wp-content\/uploads\/2025\/04\/FB_IMG_1744638992069.jpg","type":"image\/jpeg"}],"author":"Hermandad Medinaceli","twitter_card":"summary_large_image","twitter_misc":{"Escrito por":"Hermandad Medinaceli","Tiempo de lectura":"1 minuto"},"schema":{"@context":"https:\/\/schema.org","@graph":[{"@type":"Article","@id":"https:\/\/hermandadmedinaceli.es\/index.php\/2025\/04\/13\/recogida-de-flores-para-los-pasos-de-los-sagrados-titulares\/#article","isPartOf":{"@id":"https:\/\/hermandadmedinaceli.es\/index.php\/2025\/04\/13\/recogida-de-flores-para-los-pasos-de-los-sagrados-titulares\/"},"author":{"name":"Hermandad Medinaceli","@id":"https:\/\/hermandadmedinaceli.es\/#\/schema\/person\/141f8eda785fb324b0488ec53b956814"},"headline":"Recogida de Flores para los pasos de los Sagrados Titulares","datePublished":"2025-04-13T13:52:00+00:00","dateModified":"2025-04-14T13:59:37+00:00","mainEntityOfPage":{"@id":"https:\/\/hermandadmedinaceli.es\/index.php\/2025\/04\/13\/recogida-de-flores-para-los-pasos-de-los-sagrados-titulares\/"},"wordCount":128,"image":{"@id":"https:\/\/hermandadmedinaceli.es\/index.php\/2025\/04\/13\/recogida-de-flores-para-los-pasos-de-los-sagrados-titulares\/#primaryimage"},"thumbnailUrl":"https:\/\/hermandadmedinaceli.es\/wp-content\/uploads\/2025\/04\/FB_IMG_1744638992069.jpg","keywords":["Recogida de Flores"],"articleSection":["Noticias"],"inLanguage":"es"},{"@type":"WebPage","@id":"https:\/\/hermandadmedinaceli.es\/index.php\/2025\/04\/13\/recogida-de-flores-para-los-pasos-de-los-sagrados-titulares\/","url":"https:\/\/hermandadmedinaceli.es\/index.php\/2025\/04\/13\/recogida-de-flores-para-los-pasos-de-los-sagrados-titulares\/","name":"Recogida de Flores para los pasos de los Sagrados Titulares - Hermandad Medinaceli - La L&iacute;nea de la Concepci&oacute;n","isPartOf":{"@id":"https:\/\/hermandadmedinaceli.es\/#website"},"primaryImageOfPage":{"@id":"https:\/\/hermandadmedinaceli.es\/index.php\/2025\/04\/13\/recogida-de-flores-para-los-pasos-de-los-sagrados-titulares\/#primaryimage"},"image":{"@id":"https:\/\/hermandadmedinaceli.es\/index.php\/2025\/04\/13\/recogida-de-flores-para-los-pasos-de-los-sagrados-titulares\/#primaryimage"},"thumbnailUrl":"https:\/\/hermandadmedinaceli.es\/wp-content\/uploads\/2025\/04\/FB_IMG_1744638992069.jpg","datePublished":"2025-04-13T13:52:00+00:00","dateModified":"2025-04-14T13:59:37+00:00","author":{"@id":"https:\/\/hermandadmedinaceli.es\/#\/schema\/person\/141f8eda785fb324b0488ec53b956814"},"breadcrumb":{"@id":"https:\/\/hermandadmedinaceli.es\/index.php\/2025\/04\/13\/recogida-de-flores-para-los-pasos-de-los-sagrados-titulares\/#breadcrumb"},"inLanguage":"es","potentialAction":[{"@type":"ReadAction","target":["https:\/\/hermandadmedinaceli.es\/index.php\/2025\/04\/13\/recogida-de-flores-para-los-pasos-de-los-sagrados-titulares\/"]}]},{"@type":"ImageObject","inLanguage":"es","@id":"https:\/\/hermandadmedinaceli.es\/index.php\/2025\/04\/13\/recogida-de-flores-para-los-pasos-de-los-sagrados-titulares\/#primaryimage","url":"https:\/\/hermandadmedinaceli.es\/wp-content\/uploads\/2025\/04\/FB_IMG_1744638992069.jpg","contentUrl":"https:\/\/hermandadmedinaceli.es\/wp-content\/uploads\/2025\/04\/FB_IMG_1744638992069.jpg","width":585,"height":640},{"@type":"BreadcrumbList","@id":"https:\/\/hermandadmedinaceli.es\/index.php\/2025\/04\/13\/recogida-de-flores-para-los-pasos-de-los-sagrados-titulares\/#breadcrumb","itemListElement":[{"@type":"ListItem","position":1,"name":"Portada","item":"https:\/\/hermandadmedinaceli.es\/"},{"@type":"ListItem","position":2,"name":"Recogida de Flores para los pasos de los Sagrados Titulares"}]},{"@type":"WebSite","@id":"https:\/\/hermandadmedinaceli.es\/#website","url":"https:\/\/hermandadmedinaceli.es\/","name":"Hermandad Medinaceli - La L&iacute;nea de la Concepci&oacute;n","description":"","potentialAction":[{"@type":"SearchAction","target":{"@type":"EntryPoint","urlTemplate":"https:\/\/hermandadmedinaceli.es\/?s={search_term_string}"},"query-input":{"@type":"PropertyValueSpecification","valueRequired":true,"valueName":"search_term_string"}}],"inLanguage":"es"},{"@type":"Person","@id":"https:\/\/hermandadmedinaceli.es\/#\/schema\/person\/141f8eda785fb324b0488ec53b956814","name":"Hermandad Medinaceli","image":{"@type":"ImageObject","inLanguage":"es","@id":"https:\/\/secure.gravatar.com\/avatar\/4edb6c3ce8507565edfc64f7ab3947a657f7f4b3a286241867ba2ab59d1bd976?s=96&d=mm&r=g","url":"https:\/\/secure.gravatar.com\/avatar\/4edb6c3ce8507565edfc64f7ab3947a657f7f4b3a286241867ba2ab59d1bd976?s=96&d=mm&r=g","contentUrl":"https:\/\/secure.gravatar.com\/avatar\/4edb6c3ce8507565edfc64f7ab3947a657f7f4b3a286241867ba2ab59d1bd976?s=96&d=mm&r=g","caption":"Hermandad Medinaceli"},"url":"https:\/\/hermandadmedinaceli.es\/index.php\/author\/norberto\/"}]}},"_links":{"self":[{"href":"https:\/\/hermandadmedinaceli.es\/index.php\/wp-json\/wp\/v2\/posts\/2133","targetHints":{"allow":["GET"]}}],"collection":[{"href":"https:\/\/hermandadmedinaceli.es\/index.php\/wp-json\/wp\/v2\/posts"}],"about":[{"href":"https:\/\/hermandadmedinaceli.es\/index.php\/wp-json\/wp\/v2\/types\/post"}],"author":[{"embeddable":true,"href":"https:\/\/hermandadmedinaceli.es\/index.php\/wp-json\/wp\/v2\/users\/2"}],"replies":[{"embeddable":true,"href":"https:\/\/hermandadmedinaceli.es\/index.php\/wp-json\/wp\/v2\/comments?post=2133"}],"version-history":[{"count":1,"href":"https:\/\/hermandadmedinaceli.es\/index.php\/wp-json\/wp\/v2\/posts\/2133\/revisions"}],"predecessor-version":[{"id":2135,"href":"https:\/\/hermandadmedinaceli.es\/index.php\/wp-json\/wp\/v2\/posts\/2133\/revisions\/2135"}],"wp:featuredmedia":[{"embeddable":true,"href":"https:\/\/hermandadmedinaceli.es\/index.php\/wp-json\/wp\/v2\/media\/2134"}],"wp:attachment":[{"href":"https:\/\/hermandadmedinaceli.es\/index.php\/wp-json\/wp\/v2\/media?parent=2133"}],"wp:term":[{"taxonomy":"category","embeddable":true,"href":"https:\/\/hermandadmedinaceli.es\/index.php\/wp-json\/wp\/v2\/categories?post=2133"},{"taxonomy":"post_tag","embeddable":true,"href":"https:\/\/hermandadmedinaceli.es\/index.php\/wp-json\/wp\/v2\/tags?post=2133"}],"curies":[{"name":"wp","href":"https:\/\/api.w.org\/{rel}","templated":true}]}}