{"id":2203,"date":"2025-08-13T11:21:07","date_gmt":"2025-08-13T11:21:07","guid":{"rendered":"https:\/\/hermandadmedinaceli.es\/?p=2203"},"modified":"2025-09-30T11:25:19","modified_gmt":"2025-09-30T11:25:19","slug":"comunicado-bandas-2025-nueva-maestro-enrique-galan","status":"publish","type":"post","link":"https:\/\/hermandadmedinaceli.es\/index.php\/2025\/08\/13\/comunicado-bandas-2025-nueva-maestro-enrique-galan\/","title":{"rendered":"Nuevo Acompa\u00f1amiento Musical para Mar\u00eda Sant\u00edsima de la Trinidad"},"content":{"rendered":"\n<p style=\"text-align: justify;\">La Junta de Gobierno de la Venerable Hermandad de Penitencia y Cofrad\u00eda de Nazarenos de Nuestro Padre Jes\u00fas Cautivo y Rescatado y Mar\u00eda Sant\u00edsima de la Trinidad (Medinaceli) de La L\u00ednea de la Concepci\u00f3n quiere poner en conocimiento de sus Hermanos, devotos y fieles, que se ha llegado a un acuerdo con la Banda de M\u00fasica \u201cMaestro Enrique Gal\u00e1n\u201d (Rota) para que sea la encargada de acompa\u00f1ar musicalmente al paso de Mar\u00eda Sant\u00edsima de la Trinidad en la estaci\u00f3n de penitencia el pr\u00f3ximo Mi\u00e9rcoles Santo 2026<\/p>\n<p style=\"text-align: justify;\">Facilitamos varios enlaces de YouTube:<\/p>\n\n\n\n<figure class=\"wp-block-embed is-type-video is-provider-youtube wp-block-embed-youtube wp-embed-aspect-16-9 wp-has-aspect-ratio\"><div class=\"wp-block-embed__wrapper\">\n<iframe loading=\"lazy\" title=\"4K &quot;NTRA. SRA. DE LA ESTRELLA CORONADA&quot; MAGNA MARIANA JEREZ 2024\" width=\"800\" height=\"450\" src=\"https:\/\/www.youtube.com\/embed\/yjHIfP2FyN8?feature=oembed\" frameborder=\"0\" allow=\"accelerometer; autoplay; clipboard-write; encrypted-media; gyroscope; picture-in-picture; web-share\" referrerpolicy=\"strict-origin-when-cross-origin\" allowfullscreen><\/iframe>\n<\/div><\/figure>\n\n\n\n<figure class=\"wp-block-embed is-type-video is-provider-youtube wp-block-embed-youtube wp-embed-aspect-16-9 wp-has-aspect-ratio\"><div class=\"wp-block-embed__wrapper\">\n<iframe loading=\"lazy\" title=\"Dolores (Nazareno) en c\/ Ancha, Jueves Santo C\u00e1diz 2025\" width=\"800\" height=\"450\" src=\"https:\/\/www.youtube.com\/embed\/ssBPhwXUPT4?feature=oembed\" frameborder=\"0\" allow=\"accelerometer; autoplay; clipboard-write; encrypted-media; gyroscope; picture-in-picture; web-share\" referrerpolicy=\"strict-origin-when-cross-origin\" allowfullscreen><\/iframe>\n<\/div><\/figure>\n\n\n\n<figure class=\"wp-block-embed is-type-video is-provider-youtube wp-block-embed-youtube wp-embed-aspect-16-9 wp-has-aspect-ratio\"><div class=\"wp-block-embed__wrapper\">\n<iframe loading=\"lazy\" title=\"Regreso Desamparo en c\/ Torner\u00eda MULTIC\u00c1MARA, Domingo de Resurrecci\u00f3n Jerez 2025\" width=\"800\" height=\"450\" src=\"https:\/\/www.youtube.com\/embed\/Usm-mbvA3ig?feature=oembed\" frameborder=\"0\" allow=\"accelerometer; autoplay; clipboard-write; encrypted-media; gyroscope; picture-in-picture; web-share\" referrerpolicy=\"strict-origin-when-cross-origin\" allowfullscreen><\/iframe>\n<\/div><\/figure>\n\n\n\n<figure class=\"wp-block-embed is-type-video is-provider-youtube wp-block-embed-youtube wp-embed-aspect-16-9 wp-has-aspect-ratio\"><div class=\"wp-block-embed__wrapper\">\n<iframe loading=\"lazy\" title=\"Virgen de los Dolores del Nazareno salida Semana Santa de C\u00e1diz 2025 Jueves Santo\" width=\"800\" height=\"450\" src=\"https:\/\/www.youtube.com\/embed\/Phm2z37J1cc?feature=oembed\" frameborder=\"0\" allow=\"accelerometer; autoplay; clipboard-write; encrypted-media; gyroscope; picture-in-picture; web-share\" referrerpolicy=\"strict-origin-when-cross-origin\" allowfullscreen><\/iframe>\n<\/div><\/figure>\n\n\n\n<figure class=\"wp-block-embed is-type-video is-provider-youtube wp-block-embed-youtube wp-embed-aspect-16-9 wp-has-aspect-ratio\"><div class=\"wp-block-embed__wrapper\">\n<iframe loading=\"lazy\" title=\"La Estrella Coronada en el Carmen Jerez 2025\" width=\"800\" height=\"450\" src=\"https:\/\/www.youtube.com\/embed\/E76FkBuhKZ8?feature=oembed\" frameborder=\"0\" allow=\"accelerometer; autoplay; clipboard-write; encrypted-media; gyroscope; picture-in-picture; web-share\" referrerpolicy=\"strict-origin-when-cross-origin\" allowfullscreen><\/iframe>\n<\/div><\/figure>\n<!-- AddThis Advanced Settings generic via filter on the_content --><!-- AddThis Share Buttons generic via filter on the_content -->","protected":false},"excerpt":{"rendered":"<p>La Junta de Gobierno de la Venerable Hermandad de Penitencia y Cofrad\u00eda de Nazarenos de Nuestro Padre Jes\u00fas Cautivo y<!-- AddThis Advanced Settings generic via filter on get_the_excerpt --><!-- AddThis Share Buttons generic via filter on get_the_excerpt --><\/p>\n","protected":false},"author":1,"featured_media":2189,"comment_status":"closed","ping_status":"closed","sticky":false,"template":"","format":"standard","meta":{"colormag_page_container_layout":"default_layout","colormag_page_sidebar_layout":"default_layout","_monsterinsights_skip_tracking":false,"_monsterinsights_sitenote_active":false,"_monsterinsights_sitenote_note":"","_monsterinsights_sitenote_category":0,"footnotes":""},"categories":[36,27],"tags":[],"class_list":["post-2203","post","type-post","status-publish","format-standard","has-post-thumbnail","hentry","category-acompanamiento-musical","category-noticias"],"yoast_head":"<!-- This site is optimized with the Yoast SEO plugin v27.5 - https:\/\/yoast.com\/product\/yoast-seo-wordpress\/ -->\n<title>Nuevo Acompa\u00f1amiento Musical para Mar\u00eda Sant\u00edsima de la Trinidad - Hermandad Medinaceli - La L&iacute;nea de la Concepci&oacute;n<\/title>\n<meta name=\"robots\" content=\"index, follow, max-snippet:-1, max-image-preview:large, max-video-preview:-1\" \/>\n<link rel=\"canonical\" href=\"https:\/\/hermandadmedinaceli.es\/index.php\/2025\/08\/13\/comunicado-bandas-2025-nueva-maestro-enrique-galan\/\" \/>\n<meta property=\"og:locale\" content=\"es_ES\" \/>\n<meta property=\"og:type\" content=\"article\" \/>\n<meta property=\"og:title\" content=\"Nuevo Acompa\u00f1amiento Musical para Mar\u00eda Sant\u00edsima de la Trinidad - Hermandad Medinaceli - La L&iacute;nea de la Concepci&oacute;n\" \/>\n<meta property=\"og:description\" content=\"La Junta de Gobierno de la Venerable Hermandad de Penitencia y Cofrad\u00eda de Nazarenos de Nuestro Padre Jes\u00fas Cautivo y\" \/>\n<meta property=\"og:url\" content=\"https:\/\/hermandadmedinaceli.es\/index.php\/2025\/08\/13\/comunicado-bandas-2025-nueva-maestro-enrique-galan\/\" \/>\n<meta property=\"og:site_name\" content=\"Hermandad Medinaceli - La L&iacute;nea de la Concepci&oacute;n\" \/>\n<meta property=\"article:published_time\" content=\"2025-08-13T11:21:07+00:00\" \/>\n<meta property=\"article:modified_time\" content=\"2025-09-30T11:25:19+00:00\" \/>\n<meta property=\"og:image\" content=\"https:\/\/hermandadmedinaceli.es\/wp-content\/uploads\/2025\/07\/IMAGEN-COMUNICADO2.jpg\" \/>\n\t<meta property=\"og:image:width\" content=\"1836\" \/>\n\t<meta property=\"og:image:height\" content=\"626\" \/>\n\t<meta property=\"og:image:type\" content=\"image\/jpeg\" \/>\n<meta name=\"author\" content=\"Hermandad Medinaceli\" \/>\n<meta name=\"twitter:card\" content=\"summary_large_image\" \/>\n<meta name=\"twitter:label1\" content=\"Escrito por\" \/>\n\t<meta name=\"twitter:data1\" content=\"Hermandad Medinaceli\" \/>\n\t<meta name=\"twitter:label2\" content=\"Tiempo de lectura\" \/>\n\t<meta name=\"twitter:data2\" content=\"1 minuto\" \/>\n<script type=\"application\/ld+json\" class=\"yoast-schema-graph\">{\"@context\":\"https:\\\/\\\/schema.org\",\"@graph\":[{\"@type\":\"Article\",\"@id\":\"https:\\\/\\\/hermandadmedinaceli.es\\\/index.php\\\/2025\\\/08\\\/13\\\/comunicado-bandas-2025-nueva-maestro-enrique-galan\\\/#article\",\"isPartOf\":{\"@id\":\"https:\\\/\\\/hermandadmedinaceli.es\\\/index.php\\\/2025\\\/08\\\/13\\\/comunicado-bandas-2025-nueva-maestro-enrique-galan\\\/\"},\"author\":{\"name\":\"Hermandad Medinaceli\",\"@id\":\"https:\\\/\\\/hermandadmedinaceli.es\\\/#\\\/schema\\\/person\\\/e4713d2429e120297cd69f571b4f4e22\"},\"headline\":\"Nuevo Acompa\u00f1amiento Musical para Mar\u00eda Sant\u00edsima de la Trinidad\",\"datePublished\":\"2025-08-13T11:21:07+00:00\",\"dateModified\":\"2025-09-30T11:25:19+00:00\",\"mainEntityOfPage\":{\"@id\":\"https:\\\/\\\/hermandadmedinaceli.es\\\/index.php\\\/2025\\\/08\\\/13\\\/comunicado-bandas-2025-nueva-maestro-enrique-galan\\\/\"},\"wordCount\":160,\"image\":{\"@id\":\"https:\\\/\\\/hermandadmedinaceli.es\\\/index.php\\\/2025\\\/08\\\/13\\\/comunicado-bandas-2025-nueva-maestro-enrique-galan\\\/#primaryimage\"},\"thumbnailUrl\":\"https:\\\/\\\/hermandadmedinaceli.es\\\/wp-content\\\/uploads\\\/2025\\\/07\\\/IMAGEN-COMUNICADO2.jpg\",\"articleSection\":[\"Acompa\u00f1amiento Musical\",\"Noticias\"],\"inLanguage\":\"es\"},{\"@type\":\"WebPage\",\"@id\":\"https:\\\/\\\/hermandadmedinaceli.es\\\/index.php\\\/2025\\\/08\\\/13\\\/comunicado-bandas-2025-nueva-maestro-enrique-galan\\\/\",\"url\":\"https:\\\/\\\/hermandadmedinaceli.es\\\/index.php\\\/2025\\\/08\\\/13\\\/comunicado-bandas-2025-nueva-maestro-enrique-galan\\\/\",\"name\":\"Nuevo Acompa\u00f1amiento Musical para Mar\u00eda Sant\u00edsima de la Trinidad - Hermandad Medinaceli - La L&iacute;nea de la Concepci&oacute;n\",\"isPartOf\":{\"@id\":\"https:\\\/\\\/hermandadmedinaceli.es\\\/#website\"},\"primaryImageOfPage\":{\"@id\":\"https:\\\/\\\/hermandadmedinaceli.es\\\/index.php\\\/2025\\\/08\\\/13\\\/comunicado-bandas-2025-nueva-maestro-enrique-galan\\\/#primaryimage\"},\"image\":{\"@id\":\"https:\\\/\\\/hermandadmedinaceli.es\\\/index.php\\\/2025\\\/08\\\/13\\\/comunicado-bandas-2025-nueva-maestro-enrique-galan\\\/#primaryimage\"},\"thumbnailUrl\":\"https:\\\/\\\/hermandadmedinaceli.es\\\/wp-content\\\/uploads\\\/2025\\\/07\\\/IMAGEN-COMUNICADO2.jpg\",\"datePublished\":\"2025-08-13T11:21:07+00:00\",\"dateModified\":\"2025-09-30T11:25:19+00:00\",\"author\":{\"@id\":\"https:\\\/\\\/hermandadmedinaceli.es\\\/#\\\/schema\\\/person\\\/e4713d2429e120297cd69f571b4f4e22\"},\"breadcrumb\":{\"@id\":\"https:\\\/\\\/hermandadmedinaceli.es\\\/index.php\\\/2025\\\/08\\\/13\\\/comunicado-bandas-2025-nueva-maestro-enrique-galan\\\/#breadcrumb\"},\"inLanguage\":\"es\",\"potentialAction\":[{\"@type\":\"ReadAction\",\"target\":[\"https:\\\/\\\/hermandadmedinaceli.es\\\/index.php\\\/2025\\\/08\\\/13\\\/comunicado-bandas-2025-nueva-maestro-enrique-galan\\\/\"]}]},{\"@type\":\"ImageObject\",\"inLanguage\":\"es\",\"@id\":\"https:\\\/\\\/hermandadmedinaceli.es\\\/index.php\\\/2025\\\/08\\\/13\\\/comunicado-bandas-2025-nueva-maestro-enrique-galan\\\/#primaryimage\",\"url\":\"https:\\\/\\\/hermandadmedinaceli.es\\\/wp-content\\\/uploads\\\/2025\\\/07\\\/IMAGEN-COMUNICADO2.jpg\",\"contentUrl\":\"https:\\\/\\\/hermandadmedinaceli.es\\\/wp-content\\\/uploads\\\/2025\\\/07\\\/IMAGEN-COMUNICADO2.jpg\",\"width\":1836,\"height\":626},{\"@type\":\"BreadcrumbList\",\"@id\":\"https:\\\/\\\/hermandadmedinaceli.es\\\/index.php\\\/2025\\\/08\\\/13\\\/comunicado-bandas-2025-nueva-maestro-enrique-galan\\\/#breadcrumb\",\"itemListElement\":[{\"@type\":\"ListItem\",\"position\":1,\"name\":\"Portada\",\"item\":\"https:\\\/\\\/hermandadmedinaceli.es\\\/\"},{\"@type\":\"ListItem\",\"position\":2,\"name\":\"Nuevo Acompa\u00f1amiento Musical para Mar\u00eda Sant\u00edsima de la Trinidad\"}]},{\"@type\":\"WebSite\",\"@id\":\"https:\\\/\\\/hermandadmedinaceli.es\\\/#website\",\"url\":\"https:\\\/\\\/hermandadmedinaceli.es\\\/\",\"name\":\"Hermandad Medinaceli - La L&iacute;nea de la Concepci&oacute;n\",\"description\":\"\",\"potentialAction\":[{\"@type\":\"SearchAction\",\"target\":{\"@type\":\"EntryPoint\",\"urlTemplate\":\"https:\\\/\\\/hermandadmedinaceli.es\\\/?s={search_term_string}\"},\"query-input\":{\"@type\":\"PropertyValueSpecification\",\"valueRequired\":true,\"valueName\":\"search_term_string\"}}],\"inLanguage\":\"es\"},{\"@type\":\"Person\",\"@id\":\"https:\\\/\\\/hermandadmedinaceli.es\\\/#\\\/schema\\\/person\\\/e4713d2429e120297cd69f571b4f4e22\",\"name\":\"Hermandad Medinaceli\",\"image\":{\"@type\":\"ImageObject\",\"inLanguage\":\"es\",\"@id\":\"https:\\\/\\\/secure.gravatar.com\\\/avatar\\\/c4c351a1ec9836a5e2a29399059ca44d3ca383c121e691772f2ddcd4d4a16d1e?s=96&d=mm&r=g\",\"url\":\"https:\\\/\\\/secure.gravatar.com\\\/avatar\\\/c4c351a1ec9836a5e2a29399059ca44d3ca383c121e691772f2ddcd4d4a16d1e?s=96&d=mm&r=g\",\"contentUrl\":\"https:\\\/\\\/secure.gravatar.com\\\/avatar\\\/c4c351a1ec9836a5e2a29399059ca44d3ca383c121e691772f2ddcd4d4a16d1e?s=96&d=mm&r=g\",\"caption\":\"Hermandad Medinaceli\"},\"sameAs\":[\"https:\\\/\\\/hermandadmedinaceli.es\"],\"url\":\"https:\\\/\\\/hermandadmedinaceli.es\\\/index.php\\\/author\\\/hermandad\\\/\"}]}<\/script>\n<!-- \/ Yoast SEO plugin. -->","yoast_head_json":{"title":"Nuevo Acompa\u00f1amiento Musical para Mar\u00eda Sant\u00edsima de la Trinidad - Hermandad Medinaceli - La L&iacute;nea de la Concepci&oacute;n","robots":{"index":"index","follow":"follow","max-snippet":"max-snippet:-1","max-image-preview":"max-image-preview:large","max-video-preview":"max-video-preview:-1"},"canonical":"https:\/\/hermandadmedinaceli.es\/index.php\/2025\/08\/13\/comunicado-bandas-2025-nueva-maestro-enrique-galan\/","og_locale":"es_ES","og_type":"article","og_title":"Nuevo Acompa\u00f1amiento Musical para Mar\u00eda Sant\u00edsima de la Trinidad - Hermandad Medinaceli - La L&iacute;nea de la Concepci&oacute;n","og_description":"La Junta de Gobierno de la Venerable Hermandad de Penitencia y Cofrad\u00eda de Nazarenos de Nuestro Padre Jes\u00fas Cautivo y","og_url":"https:\/\/hermandadmedinaceli.es\/index.php\/2025\/08\/13\/comunicado-bandas-2025-nueva-maestro-enrique-galan\/","og_site_name":"Hermandad Medinaceli - La L&iacute;nea de la Concepci&oacute;n","article_published_time":"2025-08-13T11:21:07+00:00","article_modified_time":"2025-09-30T11:25:19+00:00","og_image":[{"width":1836,"height":626,"url":"https:\/\/hermandadmedinaceli.es\/wp-content\/uploads\/2025\/07\/IMAGEN-COMUNICADO2.jpg","type":"image\/jpeg"}],"author":"Hermandad Medinaceli","twitter_card":"summary_large_image","twitter_misc":{"Escrito por":"Hermandad Medinaceli","Tiempo de lectura":"1 minuto"},"schema":{"@context":"https:\/\/schema.org","@graph":[{"@type":"Article","@id":"https:\/\/hermandadmedinaceli.es\/index.php\/2025\/08\/13\/comunicado-bandas-2025-nueva-maestro-enrique-galan\/#article","isPartOf":{"@id":"https:\/\/hermandadmedinaceli.es\/index.php\/2025\/08\/13\/comunicado-bandas-2025-nueva-maestro-enrique-galan\/"},"author":{"name":"Hermandad Medinaceli","@id":"https:\/\/hermandadmedinaceli.es\/#\/schema\/person\/e4713d2429e120297cd69f571b4f4e22"},"headline":"Nuevo Acompa\u00f1amiento Musical para Mar\u00eda Sant\u00edsima de la Trinidad","datePublished":"2025-08-13T11:21:07+00:00","dateModified":"2025-09-30T11:25:19+00:00","mainEntityOfPage":{"@id":"https:\/\/hermandadmedinaceli.es\/index.php\/2025\/08\/13\/comunicado-bandas-2025-nueva-maestro-enrique-galan\/"},"wordCount":160,"image":{"@id":"https:\/\/hermandadmedinaceli.es\/index.php\/2025\/08\/13\/comunicado-bandas-2025-nueva-maestro-enrique-galan\/#primaryimage"},"thumbnailUrl":"https:\/\/hermandadmedinaceli.es\/wp-content\/uploads\/2025\/07\/IMAGEN-COMUNICADO2.jpg","articleSection":["Acompa\u00f1amiento Musical","Noticias"],"inLanguage":"es"},{"@type":"WebPage","@id":"https:\/\/hermandadmedinaceli.es\/index.php\/2025\/08\/13\/comunicado-bandas-2025-nueva-maestro-enrique-galan\/","url":"https:\/\/hermandadmedinaceli.es\/index.php\/2025\/08\/13\/comunicado-bandas-2025-nueva-maestro-enrique-galan\/","name":"Nuevo Acompa\u00f1amiento Musical para Mar\u00eda Sant\u00edsima de la Trinidad - Hermandad Medinaceli - La L&iacute;nea de la Concepci&oacute;n","isPartOf":{"@id":"https:\/\/hermandadmedinaceli.es\/#website"},"primaryImageOfPage":{"@id":"https:\/\/hermandadmedinaceli.es\/index.php\/2025\/08\/13\/comunicado-bandas-2025-nueva-maestro-enrique-galan\/#primaryimage"},"image":{"@id":"https:\/\/hermandadmedinaceli.es\/index.php\/2025\/08\/13\/comunicado-bandas-2025-nueva-maestro-enrique-galan\/#primaryimage"},"thumbnailUrl":"https:\/\/hermandadmedinaceli.es\/wp-content\/uploads\/2025\/07\/IMAGEN-COMUNICADO2.jpg","datePublished":"2025-08-13T11:21:07+00:00","dateModified":"2025-09-30T11:25:19+00:00","author":{"@id":"https:\/\/hermandadmedinaceli.es\/#\/schema\/person\/e4713d2429e120297cd69f571b4f4e22"},"breadcrumb":{"@id":"https:\/\/hermandadmedinaceli.es\/index.php\/2025\/08\/13\/comunicado-bandas-2025-nueva-maestro-enrique-galan\/#breadcrumb"},"inLanguage":"es","potentialAction":[{"@type":"ReadAction","target":["https:\/\/hermandadmedinaceli.es\/index.php\/2025\/08\/13\/comunicado-bandas-2025-nueva-maestro-enrique-galan\/"]}]},{"@type":"ImageObject","inLanguage":"es","@id":"https:\/\/hermandadmedinaceli.es\/index.php\/2025\/08\/13\/comunicado-bandas-2025-nueva-maestro-enrique-galan\/#primaryimage","url":"https:\/\/hermandadmedinaceli.es\/wp-content\/uploads\/2025\/07\/IMAGEN-COMUNICADO2.jpg","contentUrl":"https:\/\/hermandadmedinaceli.es\/wp-content\/uploads\/2025\/07\/IMAGEN-COMUNICADO2.jpg","width":1836,"height":626},{"@type":"BreadcrumbList","@id":"https:\/\/hermandadmedinaceli.es\/index.php\/2025\/08\/13\/comunicado-bandas-2025-nueva-maestro-enrique-galan\/#breadcrumb","itemListElement":[{"@type":"ListItem","position":1,"name":"Portada","item":"https:\/\/hermandadmedinaceli.es\/"},{"@type":"ListItem","position":2,"name":"Nuevo Acompa\u00f1amiento Musical para Mar\u00eda Sant\u00edsima de la Trinidad"}]},{"@type":"WebSite","@id":"https:\/\/hermandadmedinaceli.es\/#website","url":"https:\/\/hermandadmedinaceli.es\/","name":"Hermandad Medinaceli - La L&iacute;nea de la Concepci&oacute;n","description":"","potentialAction":[{"@type":"SearchAction","target":{"@type":"EntryPoint","urlTemplate":"https:\/\/hermandadmedinaceli.es\/?s={search_term_string}"},"query-input":{"@type":"PropertyValueSpecification","valueRequired":true,"valueName":"search_term_string"}}],"inLanguage":"es"},{"@type":"Person","@id":"https:\/\/hermandadmedinaceli.es\/#\/schema\/person\/e4713d2429e120297cd69f571b4f4e22","name":"Hermandad Medinaceli","image":{"@type":"ImageObject","inLanguage":"es","@id":"https:\/\/secure.gravatar.com\/avatar\/c4c351a1ec9836a5e2a29399059ca44d3ca383c121e691772f2ddcd4d4a16d1e?s=96&d=mm&r=g","url":"https:\/\/secure.gravatar.com\/avatar\/c4c351a1ec9836a5e2a29399059ca44d3ca383c121e691772f2ddcd4d4a16d1e?s=96&d=mm&r=g","contentUrl":"https:\/\/secure.gravatar.com\/avatar\/c4c351a1ec9836a5e2a29399059ca44d3ca383c121e691772f2ddcd4d4a16d1e?s=96&d=mm&r=g","caption":"Hermandad Medinaceli"},"sameAs":["https:\/\/hermandadmedinaceli.es"],"url":"https:\/\/hermandadmedinaceli.es\/index.php\/author\/hermandad\/"}]}},"_links":{"self":[{"href":"https:\/\/hermandadmedinaceli.es\/index.php\/wp-json\/wp\/v2\/posts\/2203","targetHints":{"allow":["GET"]}}],"collection":[{"href":"https:\/\/hermandadmedinaceli.es\/index.php\/wp-json\/wp\/v2\/posts"}],"about":[{"href":"https:\/\/hermandadmedinaceli.es\/index.php\/wp-json\/wp\/v2\/types\/post"}],"author":[{"embeddable":true,"href":"https:\/\/hermandadmedinaceli.es\/index.php\/wp-json\/wp\/v2\/users\/1"}],"replies":[{"embeddable":true,"href":"https:\/\/hermandadmedinaceli.es\/index.php\/wp-json\/wp\/v2\/comments?post=2203"}],"version-history":[{"count":1,"href":"https:\/\/hermandadmedinaceli.es\/index.php\/wp-json\/wp\/v2\/posts\/2203\/revisions"}],"predecessor-version":[{"id":2204,"href":"https:\/\/hermandadmedinaceli.es\/index.php\/wp-json\/wp\/v2\/posts\/2203\/revisions\/2204"}],"wp:featuredmedia":[{"embeddable":true,"href":"https:\/\/hermandadmedinaceli.es\/index.php\/wp-json\/wp\/v2\/media\/2189"}],"wp:attachment":[{"href":"https:\/\/hermandadmedinaceli.es\/index.php\/wp-json\/wp\/v2\/media?parent=2203"}],"wp:term":[{"taxonomy":"category","embeddable":true,"href":"https:\/\/hermandadmedinaceli.es\/index.php\/wp-json\/wp\/v2\/categories?post=2203"},{"taxonomy":"post_tag","embeddable":true,"href":"https:\/\/hermandadmedinaceli.es\/index.php\/wp-json\/wp\/v2\/tags?post=2203"}],"curies":[{"name":"wp","href":"https:\/\/api.w.org\/{rel}","templated":true}]}}