{"id":861,"date":"2021-08-12T20:27:23","date_gmt":"2021-08-12T20:27:23","guid":{"rendered":"https:\/\/hermandadmedinaceli.com\/?p=861"},"modified":"2021-08-13T11:58:12","modified_gmt":"2021-08-13T11:58:12","slug":"renovacion-de-contrato-para-el-paso-de-maria-santisima-de-la-trinidad","status":"publish","type":"post","link":"https:\/\/hermandadmedinaceli.es\/index.php\/2021\/08\/12\/renovacion-de-contrato-para-el-paso-de-maria-santisima-de-la-trinidad\/","title":{"rendered":"RENOVACI\u00d3N DE CONTRATO PARA EL PASO DE MARIA SANT\u00cdSIMA DE LA TRINIDAD"},"content":{"rendered":"\n<p>La Junta de Gobierno de la Venerable Hermandad de Penitencia y Cofrad\u00eda de Nazarenos de Nuestro Padre Jes\u00fas Cautivo y Rescatado y Mar\u00eda Sant\u00edsima de la Trinidad (Medinaceli), quiere ponerles en conocimiento que tras haber llegado a un acuerdo con la Asociaci\u00f3n Musical \u00c1lvarez Quintero de Utrera (Sevilla), se ha procedido a la firma del contrato para el acompa\u00f1amiento musical de Mar\u00eda Sant\u00edsima de la Trinidad en su Estaci\u00f3n de Penitencia del Mi\u00e9rcoles Santo del pr\u00f3ximo a\u00f1o, 2022. Dicha formaci\u00f3n musical acompa\u00f1a a nuestra Titular desde la Semana Santa 2015.<\/p>\n\n\n\n<p>Les facilitamos los siguientes videos donde poder escuchar a esta formaci\u00f3n musical:<\/p>\n\n\n\n<figure class=\"wp-block-embed is-type-video is-provider-youtube wp-block-embed-youtube wp-embed-aspect-16-9 wp-has-aspect-ratio\"><div class=\"wp-block-embed__wrapper\">\n<iframe loading=\"lazy\" title=\"Aires Cofrades\" width=\"800\" height=\"450\" src=\"https:\/\/www.youtube.com\/embed\/videoseries?list=OLAK5uy_lvpQGRDraIANAOMW82QCCLTbjRly3M7Wg\" frameborder=\"0\" allow=\"accelerometer; autoplay; clipboard-write; encrypted-media; gyroscope; picture-in-picture\" allowfullscreen><\/iframe>\n<\/div><\/figure>\n<!-- AddThis Advanced Settings generic via filter on the_content --><!-- AddThis Share Buttons generic via filter on the_content -->","protected":false},"excerpt":{"rendered":"<p>La Junta de Gobierno de la Venerable Hermandad de Penitencia y Cofrad\u00eda de Nazarenos de Nuestro Padre Jes\u00fas Cautivo y<!-- AddThis Advanced Settings generic via filter on get_the_excerpt --><!-- AddThis Share Buttons generic via filter on get_the_excerpt --><\/p>\n","protected":false},"author":2,"featured_media":862,"comment_status":"closed","ping_status":"open","sticky":false,"template":"","format":"standard","meta":{"colormag_page_container_layout":"default_layout","colormag_page_sidebar_layout":"default_layout","_monsterinsights_skip_tracking":false,"_monsterinsights_sitenote_active":false,"_monsterinsights_sitenote_note":"","_monsterinsights_sitenote_category":0,"footnotes":""},"categories":[36,27],"tags":[37],"class_list":["post-861","post","type-post","status-publish","format-standard","has-post-thumbnail","hentry","category-acompanamiento-musical","category-noticias","tag-acompanamiento-musical"],"yoast_head":"<!-- This site is optimized with the Yoast SEO plugin v27.5 - https:\/\/yoast.com\/product\/yoast-seo-wordpress\/ -->\n<title>RENOVACI\u00d3N DE CONTRATO PARA EL PASO DE MARIA SANT\u00cdSIMA DE LA TRINIDAD - Hermandad Medinaceli - La L&iacute;nea de la Concepci&oacute;n<\/title>\n<meta name=\"robots\" content=\"index, follow, max-snippet:-1, max-image-preview:large, max-video-preview:-1\" \/>\n<link rel=\"canonical\" href=\"https:\/\/hermandadmedinaceli.es\/index.php\/2021\/08\/12\/renovacion-de-contrato-para-el-paso-de-maria-santisima-de-la-trinidad\/\" \/>\n<meta property=\"og:locale\" content=\"es_ES\" \/>\n<meta property=\"og:type\" content=\"article\" \/>\n<meta property=\"og:title\" content=\"RENOVACI\u00d3N DE CONTRATO PARA EL PASO DE MARIA SANT\u00cdSIMA DE LA TRINIDAD - Hermandad Medinaceli - La L&iacute;nea de la Concepci&oacute;n\" \/>\n<meta property=\"og:description\" content=\"La Junta de Gobierno de la Venerable Hermandad de Penitencia y Cofrad\u00eda de Nazarenos de Nuestro Padre Jes\u00fas Cautivo y\" \/>\n<meta property=\"og:url\" content=\"https:\/\/hermandadmedinaceli.es\/index.php\/2021\/08\/12\/renovacion-de-contrato-para-el-paso-de-maria-santisima-de-la-trinidad\/\" \/>\n<meta property=\"og:site_name\" content=\"Hermandad Medinaceli - La L&iacute;nea de la Concepci&oacute;n\" \/>\n<meta property=\"article:published_time\" content=\"2021-08-12T20:27:23+00:00\" \/>\n<meta property=\"article:modified_time\" content=\"2021-08-13T11:58:12+00:00\" \/>\n<meta property=\"og:image\" content=\"https:\/\/hermandadmedinaceli.es\/wp-content\/uploads\/2021\/08\/229471736_2711175152508106_9180937517645919193_n.jpg\" \/>\n\t<meta property=\"og:image:width\" content=\"512\" \/>\n\t<meta property=\"og:image:height\" content=\"512\" \/>\n\t<meta property=\"og:image:type\" content=\"image\/jpeg\" \/>\n<meta name=\"author\" content=\"Hermandad Medinaceli\" \/>\n<meta name=\"twitter:card\" content=\"summary_large_image\" \/>\n<meta name=\"twitter:label1\" content=\"Escrito por\" \/>\n\t<meta name=\"twitter:data1\" content=\"Hermandad Medinaceli\" \/>\n\t<meta name=\"twitter:label2\" content=\"Tiempo de lectura\" \/>\n\t<meta name=\"twitter:data2\" content=\"1 minuto\" \/>\n<script type=\"application\/ld+json\" class=\"yoast-schema-graph\">{\"@context\":\"https:\\\/\\\/schema.org\",\"@graph\":[{\"@type\":\"Article\",\"@id\":\"https:\\\/\\\/hermandadmedinaceli.es\\\/index.php\\\/2021\\\/08\\\/12\\\/renovacion-de-contrato-para-el-paso-de-maria-santisima-de-la-trinidad\\\/#article\",\"isPartOf\":{\"@id\":\"https:\\\/\\\/hermandadmedinaceli.es\\\/index.php\\\/2021\\\/08\\\/12\\\/renovacion-de-contrato-para-el-paso-de-maria-santisima-de-la-trinidad\\\/\"},\"author\":{\"name\":\"Hermandad Medinaceli\",\"@id\":\"https:\\\/\\\/hermandadmedinaceli.es\\\/#\\\/schema\\\/person\\\/141f8eda785fb324b0488ec53b956814\"},\"headline\":\"RENOVACI\u00d3N DE CONTRATO PARA EL PASO DE MARIA SANT\u00cdSIMA DE LA TRINIDAD\",\"datePublished\":\"2021-08-12T20:27:23+00:00\",\"dateModified\":\"2021-08-13T11:58:12+00:00\",\"mainEntityOfPage\":{\"@id\":\"https:\\\/\\\/hermandadmedinaceli.es\\\/index.php\\\/2021\\\/08\\\/12\\\/renovacion-de-contrato-para-el-paso-de-maria-santisima-de-la-trinidad\\\/\"},\"wordCount\":153,\"image\":{\"@id\":\"https:\\\/\\\/hermandadmedinaceli.es\\\/index.php\\\/2021\\\/08\\\/12\\\/renovacion-de-contrato-para-el-paso-de-maria-santisima-de-la-trinidad\\\/#primaryimage\"},\"thumbnailUrl\":\"https:\\\/\\\/hermandadmedinaceli.es\\\/wp-content\\\/uploads\\\/2021\\\/08\\\/229471736_2711175152508106_9180937517645919193_n.jpg\",\"keywords\":[\"Acompa\u00f1amiento Musical\"],\"articleSection\":[\"Acompa\u00f1amiento Musical\",\"Noticias\"],\"inLanguage\":\"es\"},{\"@type\":\"WebPage\",\"@id\":\"https:\\\/\\\/hermandadmedinaceli.es\\\/index.php\\\/2021\\\/08\\\/12\\\/renovacion-de-contrato-para-el-paso-de-maria-santisima-de-la-trinidad\\\/\",\"url\":\"https:\\\/\\\/hermandadmedinaceli.es\\\/index.php\\\/2021\\\/08\\\/12\\\/renovacion-de-contrato-para-el-paso-de-maria-santisima-de-la-trinidad\\\/\",\"name\":\"RENOVACI\u00d3N DE CONTRATO PARA EL PASO DE MARIA SANT\u00cdSIMA DE LA TRINIDAD - Hermandad Medinaceli - La L&iacute;nea de la Concepci&oacute;n\",\"isPartOf\":{\"@id\":\"https:\\\/\\\/hermandadmedinaceli.es\\\/#website\"},\"primaryImageOfPage\":{\"@id\":\"https:\\\/\\\/hermandadmedinaceli.es\\\/index.php\\\/2021\\\/08\\\/12\\\/renovacion-de-contrato-para-el-paso-de-maria-santisima-de-la-trinidad\\\/#primaryimage\"},\"image\":{\"@id\":\"https:\\\/\\\/hermandadmedinaceli.es\\\/index.php\\\/2021\\\/08\\\/12\\\/renovacion-de-contrato-para-el-paso-de-maria-santisima-de-la-trinidad\\\/#primaryimage\"},\"thumbnailUrl\":\"https:\\\/\\\/hermandadmedinaceli.es\\\/wp-content\\\/uploads\\\/2021\\\/08\\\/229471736_2711175152508106_9180937517645919193_n.jpg\",\"datePublished\":\"2021-08-12T20:27:23+00:00\",\"dateModified\":\"2021-08-13T11:58:12+00:00\",\"author\":{\"@id\":\"https:\\\/\\\/hermandadmedinaceli.es\\\/#\\\/schema\\\/person\\\/141f8eda785fb324b0488ec53b956814\"},\"breadcrumb\":{\"@id\":\"https:\\\/\\\/hermandadmedinaceli.es\\\/index.php\\\/2021\\\/08\\\/12\\\/renovacion-de-contrato-para-el-paso-de-maria-santisima-de-la-trinidad\\\/#breadcrumb\"},\"inLanguage\":\"es\",\"potentialAction\":[{\"@type\":\"ReadAction\",\"target\":[\"https:\\\/\\\/hermandadmedinaceli.es\\\/index.php\\\/2021\\\/08\\\/12\\\/renovacion-de-contrato-para-el-paso-de-maria-santisima-de-la-trinidad\\\/\"]}]},{\"@type\":\"ImageObject\",\"inLanguage\":\"es\",\"@id\":\"https:\\\/\\\/hermandadmedinaceli.es\\\/index.php\\\/2021\\\/08\\\/12\\\/renovacion-de-contrato-para-el-paso-de-maria-santisima-de-la-trinidad\\\/#primaryimage\",\"url\":\"https:\\\/\\\/hermandadmedinaceli.es\\\/wp-content\\\/uploads\\\/2021\\\/08\\\/229471736_2711175152508106_9180937517645919193_n.jpg\",\"contentUrl\":\"https:\\\/\\\/hermandadmedinaceli.es\\\/wp-content\\\/uploads\\\/2021\\\/08\\\/229471736_2711175152508106_9180937517645919193_n.jpg\",\"width\":512,\"height\":512},{\"@type\":\"BreadcrumbList\",\"@id\":\"https:\\\/\\\/hermandadmedinaceli.es\\\/index.php\\\/2021\\\/08\\\/12\\\/renovacion-de-contrato-para-el-paso-de-maria-santisima-de-la-trinidad\\\/#breadcrumb\",\"itemListElement\":[{\"@type\":\"ListItem\",\"position\":1,\"name\":\"Portada\",\"item\":\"https:\\\/\\\/hermandadmedinaceli.es\\\/\"},{\"@type\":\"ListItem\",\"position\":2,\"name\":\"RENOVACI\u00d3N DE CONTRATO PARA EL PASO DE MARIA SANT\u00cdSIMA DE LA TRINIDAD\"}]},{\"@type\":\"WebSite\",\"@id\":\"https:\\\/\\\/hermandadmedinaceli.es\\\/#website\",\"url\":\"https:\\\/\\\/hermandadmedinaceli.es\\\/\",\"name\":\"Hermandad Medinaceli - La L&iacute;nea de la Concepci&oacute;n\",\"description\":\"\",\"potentialAction\":[{\"@type\":\"SearchAction\",\"target\":{\"@type\":\"EntryPoint\",\"urlTemplate\":\"https:\\\/\\\/hermandadmedinaceli.es\\\/?s={search_term_string}\"},\"query-input\":{\"@type\":\"PropertyValueSpecification\",\"valueRequired\":true,\"valueName\":\"search_term_string\"}}],\"inLanguage\":\"es\"},{\"@type\":\"Person\",\"@id\":\"https:\\\/\\\/hermandadmedinaceli.es\\\/#\\\/schema\\\/person\\\/141f8eda785fb324b0488ec53b956814\",\"name\":\"Hermandad Medinaceli\",\"image\":{\"@type\":\"ImageObject\",\"inLanguage\":\"es\",\"@id\":\"https:\\\/\\\/secure.gravatar.com\\\/avatar\\\/4edb6c3ce8507565edfc64f7ab3947a657f7f4b3a286241867ba2ab59d1bd976?s=96&d=mm&r=g\",\"url\":\"https:\\\/\\\/secure.gravatar.com\\\/avatar\\\/4edb6c3ce8507565edfc64f7ab3947a657f7f4b3a286241867ba2ab59d1bd976?s=96&d=mm&r=g\",\"contentUrl\":\"https:\\\/\\\/secure.gravatar.com\\\/avatar\\\/4edb6c3ce8507565edfc64f7ab3947a657f7f4b3a286241867ba2ab59d1bd976?s=96&d=mm&r=g\",\"caption\":\"Hermandad Medinaceli\"},\"url\":\"https:\\\/\\\/hermandadmedinaceli.es\\\/index.php\\\/author\\\/norberto\\\/\"}]}<\/script>\n<!-- \/ Yoast SEO plugin. -->","yoast_head_json":{"title":"RENOVACI\u00d3N DE CONTRATO PARA EL PASO DE MARIA SANT\u00cdSIMA DE LA TRINIDAD - Hermandad Medinaceli - La L&iacute;nea de la Concepci&oacute;n","robots":{"index":"index","follow":"follow","max-snippet":"max-snippet:-1","max-image-preview":"max-image-preview:large","max-video-preview":"max-video-preview:-1"},"canonical":"https:\/\/hermandadmedinaceli.es\/index.php\/2021\/08\/12\/renovacion-de-contrato-para-el-paso-de-maria-santisima-de-la-trinidad\/","og_locale":"es_ES","og_type":"article","og_title":"RENOVACI\u00d3N DE CONTRATO PARA EL PASO DE MARIA SANT\u00cdSIMA DE LA TRINIDAD - Hermandad Medinaceli - La L&iacute;nea de la Concepci&oacute;n","og_description":"La Junta de Gobierno de la Venerable Hermandad de Penitencia y Cofrad\u00eda de Nazarenos de Nuestro Padre Jes\u00fas Cautivo y","og_url":"https:\/\/hermandadmedinaceli.es\/index.php\/2021\/08\/12\/renovacion-de-contrato-para-el-paso-de-maria-santisima-de-la-trinidad\/","og_site_name":"Hermandad Medinaceli - La L&iacute;nea de la Concepci&oacute;n","article_published_time":"2021-08-12T20:27:23+00:00","article_modified_time":"2021-08-13T11:58:12+00:00","og_image":[{"width":512,"height":512,"url":"https:\/\/hermandadmedinaceli.es\/wp-content\/uploads\/2021\/08\/229471736_2711175152508106_9180937517645919193_n.jpg","type":"image\/jpeg"}],"author":"Hermandad Medinaceli","twitter_card":"summary_large_image","twitter_misc":{"Escrito por":"Hermandad Medinaceli","Tiempo de lectura":"1 minuto"},"schema":{"@context":"https:\/\/schema.org","@graph":[{"@type":"Article","@id":"https:\/\/hermandadmedinaceli.es\/index.php\/2021\/08\/12\/renovacion-de-contrato-para-el-paso-de-maria-santisima-de-la-trinidad\/#article","isPartOf":{"@id":"https:\/\/hermandadmedinaceli.es\/index.php\/2021\/08\/12\/renovacion-de-contrato-para-el-paso-de-maria-santisima-de-la-trinidad\/"},"author":{"name":"Hermandad Medinaceli","@id":"https:\/\/hermandadmedinaceli.es\/#\/schema\/person\/141f8eda785fb324b0488ec53b956814"},"headline":"RENOVACI\u00d3N DE CONTRATO PARA EL PASO DE MARIA SANT\u00cdSIMA DE LA TRINIDAD","datePublished":"2021-08-12T20:27:23+00:00","dateModified":"2021-08-13T11:58:12+00:00","mainEntityOfPage":{"@id":"https:\/\/hermandadmedinaceli.es\/index.php\/2021\/08\/12\/renovacion-de-contrato-para-el-paso-de-maria-santisima-de-la-trinidad\/"},"wordCount":153,"image":{"@id":"https:\/\/hermandadmedinaceli.es\/index.php\/2021\/08\/12\/renovacion-de-contrato-para-el-paso-de-maria-santisima-de-la-trinidad\/#primaryimage"},"thumbnailUrl":"https:\/\/hermandadmedinaceli.es\/wp-content\/uploads\/2021\/08\/229471736_2711175152508106_9180937517645919193_n.jpg","keywords":["Acompa\u00f1amiento Musical"],"articleSection":["Acompa\u00f1amiento Musical","Noticias"],"inLanguage":"es"},{"@type":"WebPage","@id":"https:\/\/hermandadmedinaceli.es\/index.php\/2021\/08\/12\/renovacion-de-contrato-para-el-paso-de-maria-santisima-de-la-trinidad\/","url":"https:\/\/hermandadmedinaceli.es\/index.php\/2021\/08\/12\/renovacion-de-contrato-para-el-paso-de-maria-santisima-de-la-trinidad\/","name":"RENOVACI\u00d3N DE CONTRATO PARA EL PASO DE MARIA SANT\u00cdSIMA DE LA TRINIDAD - Hermandad Medinaceli - La L&iacute;nea de la Concepci&oacute;n","isPartOf":{"@id":"https:\/\/hermandadmedinaceli.es\/#website"},"primaryImageOfPage":{"@id":"https:\/\/hermandadmedinaceli.es\/index.php\/2021\/08\/12\/renovacion-de-contrato-para-el-paso-de-maria-santisima-de-la-trinidad\/#primaryimage"},"image":{"@id":"https:\/\/hermandadmedinaceli.es\/index.php\/2021\/08\/12\/renovacion-de-contrato-para-el-paso-de-maria-santisima-de-la-trinidad\/#primaryimage"},"thumbnailUrl":"https:\/\/hermandadmedinaceli.es\/wp-content\/uploads\/2021\/08\/229471736_2711175152508106_9180937517645919193_n.jpg","datePublished":"2021-08-12T20:27:23+00:00","dateModified":"2021-08-13T11:58:12+00:00","author":{"@id":"https:\/\/hermandadmedinaceli.es\/#\/schema\/person\/141f8eda785fb324b0488ec53b956814"},"breadcrumb":{"@id":"https:\/\/hermandadmedinaceli.es\/index.php\/2021\/08\/12\/renovacion-de-contrato-para-el-paso-de-maria-santisima-de-la-trinidad\/#breadcrumb"},"inLanguage":"es","potentialAction":[{"@type":"ReadAction","target":["https:\/\/hermandadmedinaceli.es\/index.php\/2021\/08\/12\/renovacion-de-contrato-para-el-paso-de-maria-santisima-de-la-trinidad\/"]}]},{"@type":"ImageObject","inLanguage":"es","@id":"https:\/\/hermandadmedinaceli.es\/index.php\/2021\/08\/12\/renovacion-de-contrato-para-el-paso-de-maria-santisima-de-la-trinidad\/#primaryimage","url":"https:\/\/hermandadmedinaceli.es\/wp-content\/uploads\/2021\/08\/229471736_2711175152508106_9180937517645919193_n.jpg","contentUrl":"https:\/\/hermandadmedinaceli.es\/wp-content\/uploads\/2021\/08\/229471736_2711175152508106_9180937517645919193_n.jpg","width":512,"height":512},{"@type":"BreadcrumbList","@id":"https:\/\/hermandadmedinaceli.es\/index.php\/2021\/08\/12\/renovacion-de-contrato-para-el-paso-de-maria-santisima-de-la-trinidad\/#breadcrumb","itemListElement":[{"@type":"ListItem","position":1,"name":"Portada","item":"https:\/\/hermandadmedinaceli.es\/"},{"@type":"ListItem","position":2,"name":"RENOVACI\u00d3N DE CONTRATO PARA EL PASO DE MARIA SANT\u00cdSIMA DE LA TRINIDAD"}]},{"@type":"WebSite","@id":"https:\/\/hermandadmedinaceli.es\/#website","url":"https:\/\/hermandadmedinaceli.es\/","name":"Hermandad Medinaceli - La L&iacute;nea de la Concepci&oacute;n","description":"","potentialAction":[{"@type":"SearchAction","target":{"@type":"EntryPoint","urlTemplate":"https:\/\/hermandadmedinaceli.es\/?s={search_term_string}"},"query-input":{"@type":"PropertyValueSpecification","valueRequired":true,"valueName":"search_term_string"}}],"inLanguage":"es"},{"@type":"Person","@id":"https:\/\/hermandadmedinaceli.es\/#\/schema\/person\/141f8eda785fb324b0488ec53b956814","name":"Hermandad Medinaceli","image":{"@type":"ImageObject","inLanguage":"es","@id":"https:\/\/secure.gravatar.com\/avatar\/4edb6c3ce8507565edfc64f7ab3947a657f7f4b3a286241867ba2ab59d1bd976?s=96&d=mm&r=g","url":"https:\/\/secure.gravatar.com\/avatar\/4edb6c3ce8507565edfc64f7ab3947a657f7f4b3a286241867ba2ab59d1bd976?s=96&d=mm&r=g","contentUrl":"https:\/\/secure.gravatar.com\/avatar\/4edb6c3ce8507565edfc64f7ab3947a657f7f4b3a286241867ba2ab59d1bd976?s=96&d=mm&r=g","caption":"Hermandad Medinaceli"},"url":"https:\/\/hermandadmedinaceli.es\/index.php\/author\/norberto\/"}]}},"_links":{"self":[{"href":"https:\/\/hermandadmedinaceli.es\/index.php\/wp-json\/wp\/v2\/posts\/861","targetHints":{"allow":["GET"]}}],"collection":[{"href":"https:\/\/hermandadmedinaceli.es\/index.php\/wp-json\/wp\/v2\/posts"}],"about":[{"href":"https:\/\/hermandadmedinaceli.es\/index.php\/wp-json\/wp\/v2\/types\/post"}],"author":[{"embeddable":true,"href":"https:\/\/hermandadmedinaceli.es\/index.php\/wp-json\/wp\/v2\/users\/2"}],"replies":[{"embeddable":true,"href":"https:\/\/hermandadmedinaceli.es\/index.php\/wp-json\/wp\/v2\/comments?post=861"}],"version-history":[{"count":1,"href":"https:\/\/hermandadmedinaceli.es\/index.php\/wp-json\/wp\/v2\/posts\/861\/revisions"}],"predecessor-version":[{"id":863,"href":"https:\/\/hermandadmedinaceli.es\/index.php\/wp-json\/wp\/v2\/posts\/861\/revisions\/863"}],"wp:featuredmedia":[{"embeddable":true,"href":"https:\/\/hermandadmedinaceli.es\/index.php\/wp-json\/wp\/v2\/media\/862"}],"wp:attachment":[{"href":"https:\/\/hermandadmedinaceli.es\/index.php\/wp-json\/wp\/v2\/media?parent=861"}],"wp:term":[{"taxonomy":"category","embeddable":true,"href":"https:\/\/hermandadmedinaceli.es\/index.php\/wp-json\/wp\/v2\/categories?post=861"},{"taxonomy":"post_tag","embeddable":true,"href":"https:\/\/hermandadmedinaceli.es\/index.php\/wp-json\/wp\/v2\/tags?post=861"}],"curies":[{"name":"wp","href":"https:\/\/api.w.org\/{rel}","templated":true}]}}